{"id":2874,"date":"2021-09-05T18:30:00","date_gmt":"2021-09-05T18:30:00","guid":{"rendered":"http:\/\/www.swerlander.com\/?p=2874"},"modified":"2021-09-05T18:30:00","modified_gmt":"2021-09-05T18:30:00","slug":"algerna-ger-oss-vad-landvaxterna-saknar-och-mycket-mer","status":"publish","type":"post","link":"https:\/\/www.swerlander.com\/?p=2874","title":{"rendered":"algerna ger oss vad landv\u00e4xterna saknar och mycket mer"},"content":{"rendered":"\n<p>Bara havet \u00e4r op\u00e5verkat. Det \u00e4r f\u00f6r stort och dess vatten \u00e4r buffrat, allts\u00e5 balanserat p\u00e5 ett s\u00e4tt som g\u00f6r att det inte \u00e4ndrar pH-v\u00e4rde ens om det blandas med kraftiga m\u00e4ngder surt regn. Det finns d\u00e4rf\u00f6r bara ett naturligt och enkelt s\u00e4tt att ers\u00e4tta de st\u00e4ndigt sjunkande m\u00e4ngderna sp\u00e5relement i v\u00e5r landbaserade f\u00f6da och det \u00e4r att regelbundet \u00e4ta mat fr\u00e5n havet. Ut\u00f6ver alla sina nyttigheter som kosttillskott inneh\u00e5ller algmj\u00f6let allts\u00e5 en m\u00e4ngd kostfiber, faktiskt en tredjedel av torrsubstansen. Och av kostfibrer h\u00e5ller svenskens genomsnittsf\u00f6da bara h\u00e4lften av vad den borde vara. Kost-h\u00e4lsogruppen inom Livsmedelskommitt\u00e9n rekommendera att svenska folket skall dubbla sitt intag av kostfibrer. Att vi inte klarar det vet alla, men vet de varf\u00f6r det \u00e4r viktigt? Vi har en rad v\u00e4llevnadssjukdomar som naturfolken saknar och som beror dels p\u00e5 vi har f\u00f6r lite kostfiber som underlag f\u00f6r v\u00e5ra nyttiga tarmbakterier, dels p\u00e5 att f\u00f6dan stannar f\u00f6r l\u00e4nge i tarmen.<\/p>\n","protected":false},"excerpt":{"rendered":"<p>Bara havet \u00e4r op\u00e5verkat. Det \u00e4r f\u00f6r stort och dess vatten \u00e4r buffrat, allts\u00e5 balanserat p\u00e5 ett s\u00e4tt som g\u00f6r att det inte \u00e4ndrar pH-v\u00e4rde ens om det blandas med kraftiga m\u00e4ngder surt regn. Det finns d\u00e4rf\u00f6r bara ett naturligt och enkelt s\u00e4tt att ers\u00e4tta de st\u00e4ndigt sjunkande m\u00e4ngderna sp\u00e5relement i v\u00e5r landbaserade f\u00f6da och &hellip; <\/p>\n<p class=\"link-more\"><a href=\"https:\/\/www.swerlander.com\/?p=2874\" class=\"more-link\">Forts\u00e4tt l\u00e4sa<span class=\"screen-reader-text\"> &#8221;algerna ger oss vad landv\u00e4xterna saknar och mycket mer&#8221;<\/span><\/a><\/p>\n","protected":false},"author":1,"featured_media":0,"comment_status":"open","ping_status":"open","sticky":false,"template":"","format":"standard","meta":[],"categories":[1],"tags":[],"_links":{"self":[{"href":"https:\/\/www.swerlander.com\/index.php?rest_route=\/wp\/v2\/posts\/2874"}],"collection":[{"href":"https:\/\/www.swerlander.com\/index.php?rest_route=\/wp\/v2\/posts"}],"about":[{"href":"https:\/\/www.swerlander.com\/index.php?rest_route=\/wp\/v2\/types\/post"}],"author":[{"embeddable":true,"href":"https:\/\/www.swerlander.com\/index.php?rest_route=\/wp\/v2\/users\/1"}],"replies":[{"embeddable":true,"href":"https:\/\/www.swerlander.com\/index.php?rest_route=%2Fwp%2Fv2%2Fcomments&post=2874"}],"version-history":[{"count":1,"href":"https:\/\/www.swerlander.com\/index.php?rest_route=\/wp\/v2\/posts\/2874\/revisions"}],"predecessor-version":[{"id":2875,"href":"https:\/\/www.swerlander.com\/index.php?rest_route=\/wp\/v2\/posts\/2874\/revisions\/2875"}],"wp:attachment":[{"href":"https:\/\/www.swerlander.com\/index.php?rest_route=%2Fwp%2Fv2%2Fmedia&parent=2874"}],"wp:term":[{"taxonomy":"category","embeddable":true,"href":"https:\/\/www.swerlander.com\/index.php?rest_route=%2Fwp%2Fv2%2Fcategories&post=2874"},{"taxonomy":"post_tag","embeddable":true,"href":"https:\/\/www.swerlander.com\/index.php?rest_route=%2Fwp%2Fv2%2Ftags&post=2874"}],"curies":[{"name":"wp","href":"https:\/\/api.w.org\/{rel}","templated":true}]}}