{"id":3651,"date":"2023-08-03T15:11:24","date_gmt":"2023-08-03T15:11:24","guid":{"rendered":"http:\/\/www.swerlander.com\/?p=3651"},"modified":"2023-08-03T15:11:24","modified_gmt":"2023-08-03T15:11:24","slug":"svensk-jord-selenfattig","status":"publish","type":"post","link":"https:\/\/www.swerlander.com\/?p=3651","title":{"rendered":"Svensk jord selenfattig"},"content":{"rendered":"\n<p>Jod \u00e4r bara ett av de \u00e4mnen som f\u00f6rkommer rikligt i havens f\u00f6da, ett annat \u00e4r selen. F\u00f6rst nyligen har man f\u00f6rst\u00e5tt dess roll som f\u00f6rebyggande medel mot hj\u00e4rtsjukdomar och vissa cancerformer, de som angriper \u00e4ndtarm, br\u00f6st och bukspottsk\u00f6rtel. Grund\u00e4mnets roll i v\u00e5r \u00e4mnesoms\u00e4ttning \u00e4r delvis k\u00e4nd. Liksom vitamin E skyddar det cellmembranet genom att bryta ner peroxider. Rekommenderat dagligt behov  f\u00f6r vuxna \u00e4r 150 mikrogram (miljondels gram). F\u00f6r cancerprofylax rekommenderas 200-300 mikrogram. Det \u00e4r \u00e4nd\u00e5 m\u00e4ngder s\u00e5 sm\u00e5 att de n\u00e4stan inte finns. Felet \u00e4r bara, att genomsnittssvensken f\u00e5r 30 mikrogram med sin dagliga genomsnittsf\u00f6da. Den svenska jorden \u00e4r n\u00e4mligen selenfattig. Dessutom h\u00e5ller selenhalten p\u00e5 att sjunka p\u00e5 grund av f\u00f6rsurningen. R\u00e4ddningen finns i all f\u00f6da fr\u00e5n havet: havsfisk, r\u00e4kor, musslor och t\u00e5ng. Som f\u00f6rebyggande h\u00e4lsov\u00e5rd b\u00f6r vi \u00f6ka v\u00e5r konsumtion av havsprodukter s\u00e5 mycket som m\u00f6jligt.<\/p>\n","protected":false},"excerpt":{"rendered":"<p>Jod \u00e4r bara ett av de \u00e4mnen som f\u00f6rkommer rikligt i havens f\u00f6da, ett annat \u00e4r selen. F\u00f6rst nyligen har man f\u00f6rst\u00e5tt dess roll som f\u00f6rebyggande medel mot hj\u00e4rtsjukdomar och vissa cancerformer, de som angriper \u00e4ndtarm, br\u00f6st och bukspottsk\u00f6rtel. Grund\u00e4mnets roll i v\u00e5r \u00e4mnesoms\u00e4ttning \u00e4r delvis k\u00e4nd. Liksom vitamin E skyddar det cellmembranet genom att &hellip; <\/p>\n<p class=\"link-more\"><a href=\"https:\/\/www.swerlander.com\/?p=3651\" class=\"more-link\">Forts\u00e4tt l\u00e4sa<span class=\"screen-reader-text\"> &#8221;Svensk jord selenfattig&#8221;<\/span><\/a><\/p>\n","protected":false},"author":1,"featured_media":0,"comment_status":"open","ping_status":"open","sticky":false,"template":"","format":"standard","meta":[],"categories":[1],"tags":[],"_links":{"self":[{"href":"https:\/\/www.swerlander.com\/index.php?rest_route=\/wp\/v2\/posts\/3651"}],"collection":[{"href":"https:\/\/www.swerlander.com\/index.php?rest_route=\/wp\/v2\/posts"}],"about":[{"href":"https:\/\/www.swerlander.com\/index.php?rest_route=\/wp\/v2\/types\/post"}],"author":[{"embeddable":true,"href":"https:\/\/www.swerlander.com\/index.php?rest_route=\/wp\/v2\/users\/1"}],"replies":[{"embeddable":true,"href":"https:\/\/www.swerlander.com\/index.php?rest_route=%2Fwp%2Fv2%2Fcomments&post=3651"}],"version-history":[{"count":1,"href":"https:\/\/www.swerlander.com\/index.php?rest_route=\/wp\/v2\/posts\/3651\/revisions"}],"predecessor-version":[{"id":3652,"href":"https:\/\/www.swerlander.com\/index.php?rest_route=\/wp\/v2\/posts\/3651\/revisions\/3652"}],"wp:attachment":[{"href":"https:\/\/www.swerlander.com\/index.php?rest_route=%2Fwp%2Fv2%2Fmedia&parent=3651"}],"wp:term":[{"taxonomy":"category","embeddable":true,"href":"https:\/\/www.swerlander.com\/index.php?rest_route=%2Fwp%2Fv2%2Fcategories&post=3651"},{"taxonomy":"post_tag","embeddable":true,"href":"https:\/\/www.swerlander.com\/index.php?rest_route=%2Fwp%2Fv2%2Ftags&post=3651"}],"curies":[{"name":"wp","href":"https:\/\/api.w.org\/{rel}","templated":true}]}}