{"id":3679,"date":"2023-10-20T10:01:06","date_gmt":"2023-10-20T10:01:06","guid":{"rendered":"http:\/\/www.swerlander.com\/?p=3679"},"modified":"2023-10-20T10:01:06","modified_gmt":"2023-10-20T10:01:06","slug":"tang-istallet-for-ultraprocessad-mat","status":"publish","type":"post","link":"https:\/\/www.swerlander.com\/?p=3679","title":{"rendered":"T\u00e5ng ist\u00e4llet f\u00f6r ultraprocessad mat"},"content":{"rendered":"\n<p>F\u00f6dan i det moderna samh\u00e4llet inneh\u00e5ller visserligen de viktiga basn\u00e4rings\u00e4mnena fett, proteiner och kolhydrater, men dessa kommer ofta i ytterst n\u00e4ringsfattiga raffinerade former och i proportioner som v\u00e5r metabolism inte \u00e4r anpassad f\u00f6r. Kosten och den processade maten lider idag allvarlig brist p\u00e5 en rad f\u00f6r oss viktiga mikronutrienter, vitaminer och mineraler. Balansen mellan olika n\u00e4rings\u00e4mnen \u00e4r kraftigt rubbad. Exempelvis \u00e4r relationen mellan omega-6 och omega-fetter som blivit snedvriden av den industriella fisk-, k\u00f6tt- och mj\u00f6lkproduktionen. Detta p\u00e5verkar v\u00e5ra celler s\u00e5 att de inte kan utvecklas optimalt till h\u00e4lsosamma celler. Dagens industrimat och andra milj\u00f6faktorer tillf\u00f6r dagligen en rad \u00e4mnen till v\u00e5r metabolism som helt eller delvis uppfattas som fr\u00e4mmande av v\u00e5rt immunf\u00f6rsvar och d\u00e4rf\u00f6r orsakar immunologiska reaktioner. Vi f\u00e5r inflammationer och autoimmuna reaktioner av olika slag. T\u00e5ng \u00e4r naturligt och funnits i urminnes tider. I v\u00e5rt DNA kan vi se att vi kommer ursprungligen fr\u00e5n alger\/t\u00e5ng.<\/p>\n","protected":false},"excerpt":{"rendered":"<p>F\u00f6dan i det moderna samh\u00e4llet inneh\u00e5ller visserligen de viktiga basn\u00e4rings\u00e4mnena fett, proteiner och kolhydrater, men dessa kommer ofta i ytterst n\u00e4ringsfattiga raffinerade former och i proportioner som v\u00e5r metabolism inte \u00e4r anpassad f\u00f6r. Kosten och den processade maten lider idag allvarlig brist p\u00e5 en rad f\u00f6r oss viktiga mikronutrienter, vitaminer och mineraler. Balansen mellan olika &hellip; <\/p>\n<p class=\"link-more\"><a href=\"https:\/\/www.swerlander.com\/?p=3679\" class=\"more-link\">Forts\u00e4tt l\u00e4sa<span class=\"screen-reader-text\"> &#8221;T\u00e5ng ist\u00e4llet f\u00f6r ultraprocessad mat&#8221;<\/span><\/a><\/p>\n","protected":false},"author":1,"featured_media":0,"comment_status":"open","ping_status":"open","sticky":false,"template":"","format":"standard","meta":[],"categories":[1],"tags":[],"_links":{"self":[{"href":"https:\/\/www.swerlander.com\/index.php?rest_route=\/wp\/v2\/posts\/3679"}],"collection":[{"href":"https:\/\/www.swerlander.com\/index.php?rest_route=\/wp\/v2\/posts"}],"about":[{"href":"https:\/\/www.swerlander.com\/index.php?rest_route=\/wp\/v2\/types\/post"}],"author":[{"embeddable":true,"href":"https:\/\/www.swerlander.com\/index.php?rest_route=\/wp\/v2\/users\/1"}],"replies":[{"embeddable":true,"href":"https:\/\/www.swerlander.com\/index.php?rest_route=%2Fwp%2Fv2%2Fcomments&post=3679"}],"version-history":[{"count":1,"href":"https:\/\/www.swerlander.com\/index.php?rest_route=\/wp\/v2\/posts\/3679\/revisions"}],"predecessor-version":[{"id":3680,"href":"https:\/\/www.swerlander.com\/index.php?rest_route=\/wp\/v2\/posts\/3679\/revisions\/3680"}],"wp:attachment":[{"href":"https:\/\/www.swerlander.com\/index.php?rest_route=%2Fwp%2Fv2%2Fmedia&parent=3679"}],"wp:term":[{"taxonomy":"category","embeddable":true,"href":"https:\/\/www.swerlander.com\/index.php?rest_route=%2Fwp%2Fv2%2Fcategories&post=3679"},{"taxonomy":"post_tag","embeddable":true,"href":"https:\/\/www.swerlander.com\/index.php?rest_route=%2Fwp%2Fv2%2Ftags&post=3679"}],"curies":[{"name":"wp","href":"https:\/\/api.w.org\/{rel}","templated":true}]}}