{"id":3809,"date":"2024-02-29T13:26:46","date_gmt":"2024-02-29T13:26:46","guid":{"rendered":"http:\/\/www.swerlander.com\/?p=3809"},"modified":"2024-02-29T13:26:46","modified_gmt":"2024-02-29T13:26:46","slug":"ja-till-frihet-nej-till-global-digital-totalitar-teknokrati","status":"publish","type":"post","link":"https:\/\/www.swerlander.com\/?p=3809","title":{"rendered":"Ja till frihet. Nej till global digital totalit\u00e4r teknokrati."},"content":{"rendered":"\n<p>Koldioxidteorin h\u00e4nger samman med de varningar om att v\u00e4rldens befolkningstillv\u00e4xt skulle leda till en malthusiansk katastrof med hungersn\u00f6d och resursbrist om inte denna tyglas med hj\u00e4lp av h\u00e5rdh\u00e4nt befolkningstillv\u00e4xt. Detta trots att domedagsutsagorna \u00e5terkommande har motbevisats. Men ist\u00e4llet \u00e4r det s\u00e5 att varje ytterligare m\u00e4nniska skapar med v\u00e4rde \u00e4n han eller hon konsumera. Detta f\u00f6rh\u00e5llande mellan befolkningstillv\u00e4xt och \u00f6verfl\u00f6d \u00e4r djupt kontraintuitivt, men det \u00e4r sant. Stoppa FNs Summit for the Future i september med WHOs uppdaterade globala h\u00e4lsolag. Vi f\u00e5r ofta h\u00f6ra att det r\u00e5der ett n\u00f6dl\u00e4ge f\u00f6r planeter. Det st\u00e4mmer, men inte p\u00e5 det s\u00e4tt m\u00e5nga milj\u00f6- och klimatagitatorer  f\u00f6rst\u00e4ller sig. Bakom alla dessa fina ord som h\u00e5llbarhet, solidaritet, ansvar, humanism och r\u00e4ttvisa d\u00f6ljer sig helt andra str\u00e4vanden d\u00e4r demokrati och frihet riskerar att ers\u00e4ttas med om\u00e4nsklig teknokratisk dystopi i vilken allas f\u00f6rehavanden ska \u00f6vervakas, registreras, begr\u00e4nsas och kontrolleras in i minsta detalj. L\u00e5t inte globalisternas och teknokraternas  planer att formalisera politiskt och kopplas samman tekniskt till det globala system som \u00e4r t\u00e4nkt att bli den digitala v\u00e4rldshj\u00e4rnan. M\u00e4nskligheten beh\u00f6ver s\u00e4tta ner foten i nu, \u00e4ven om det \u00e4r i sista stund. Annars kan det vara f\u00f6rsent.<\/p>\n","protected":false},"excerpt":{"rendered":"<p>Koldioxidteorin h\u00e4nger samman med de varningar om att v\u00e4rldens befolkningstillv\u00e4xt skulle leda till en malthusiansk katastrof med hungersn\u00f6d och resursbrist om inte denna tyglas med hj\u00e4lp av h\u00e5rdh\u00e4nt befolkningstillv\u00e4xt. Detta trots att domedagsutsagorna \u00e5terkommande har motbevisats. Men ist\u00e4llet \u00e4r det s\u00e5 att varje ytterligare m\u00e4nniska skapar med v\u00e4rde \u00e4n han eller hon konsumera. Detta f\u00f6rh\u00e5llande &hellip; <\/p>\n<p class=\"link-more\"><a href=\"https:\/\/www.swerlander.com\/?p=3809\" class=\"more-link\">Forts\u00e4tt l\u00e4sa<span class=\"screen-reader-text\"> &#8221;Ja till frihet. Nej till global digital totalit\u00e4r teknokrati.&#8221;<\/span><\/a><\/p>\n","protected":false},"author":1,"featured_media":0,"comment_status":"open","ping_status":"open","sticky":false,"template":"","format":"standard","meta":[],"categories":[1],"tags":[],"_links":{"self":[{"href":"https:\/\/www.swerlander.com\/index.php?rest_route=\/wp\/v2\/posts\/3809"}],"collection":[{"href":"https:\/\/www.swerlander.com\/index.php?rest_route=\/wp\/v2\/posts"}],"about":[{"href":"https:\/\/www.swerlander.com\/index.php?rest_route=\/wp\/v2\/types\/post"}],"author":[{"embeddable":true,"href":"https:\/\/www.swerlander.com\/index.php?rest_route=\/wp\/v2\/users\/1"}],"replies":[{"embeddable":true,"href":"https:\/\/www.swerlander.com\/index.php?rest_route=%2Fwp%2Fv2%2Fcomments&post=3809"}],"version-history":[{"count":1,"href":"https:\/\/www.swerlander.com\/index.php?rest_route=\/wp\/v2\/posts\/3809\/revisions"}],"predecessor-version":[{"id":3810,"href":"https:\/\/www.swerlander.com\/index.php?rest_route=\/wp\/v2\/posts\/3809\/revisions\/3810"}],"wp:attachment":[{"href":"https:\/\/www.swerlander.com\/index.php?rest_route=%2Fwp%2Fv2%2Fmedia&parent=3809"}],"wp:term":[{"taxonomy":"category","embeddable":true,"href":"https:\/\/www.swerlander.com\/index.php?rest_route=%2Fwp%2Fv2%2Fcategories&post=3809"},{"taxonomy":"post_tag","embeddable":true,"href":"https:\/\/www.swerlander.com\/index.php?rest_route=%2Fwp%2Fv2%2Ftags&post=3809"}],"curies":[{"name":"wp","href":"https:\/\/api.w.org\/{rel}","templated":true}]}}